{"id":296,"date":"2026-04-15T09:30:35","date_gmt":"2026-04-15T09:30:35","guid":{"rendered":"https:\/\/menfiservizi.it\/?p=296"},"modified":"2026-05-27T09:31:18","modified_gmt":"2026-05-27T09:31:18","slug":"fuoriscatola-comieco","status":"publish","type":"post","link":"https:\/\/menfiservizi.it\/index.php\/2026\/04\/15\/fuoriscatola-comieco\/","title":{"rendered":"Fuoriscatola COMIECO"},"content":{"rendered":"<p>L&#8217;iniziativa \u00e8 finalizzata a coinvolgere la cittadinanza del comune di Menfi in una serie di attivit\u00e0 informative e formative sul recupero ed il riuso della carta e cartone.<\/p>\n<p>Con il coinvolgimento di varie realt\u00e0 associative potranno essere realizzate una serie di iniziative come laboratori creativi ed attivit\u00e0 didattiche, con l&#8217;obiettivo di coinvolgere le fasce pi\u00f9 significative della popolazione.<\/p>\n<p>I laboratori creativi sono orientati a fare toccare con mano ai ragazzi come potere trasformare carta e cartone in oggetti di vita quotidiana, questi ultimi verranno poi esposti presso l&#8217;atrio del municipio comunale in una mostra e saranno successivamente donati agli enti e le associazioni locali partecipanti all&#8217;iniziativa.<\/p>\n<p>Le azioni di recupero di carta e cartone avverranno attraverso sia l&#8217;utilizzo della tecnica della cartapesta, con lezioni pratiche di modellazione e creazione di piccoli oggetti, che con la creazione di oggetti d&#8217;arredo in cartone.<\/p>\n<p>Le attivit\u00e0 didattiche invece consisteranno in lezioni per rendere consapevoli i ragazzi alla cultura della sostenibilit\u00e0 e favorire un cambiamento nei comportamenti e nelle scelte degli stili di vita e mira oltre che a far nascere consapevolezza sui temi ambientali anche ad aumentare la voglia di reagire al degrado e trasmettere stimoli.<\/p>\n<p><strong>Associazione di promozione sociale Enjoy Community<\/strong>: presso la sede di Via Vittoria Cort. 47, numero 5, Menfi 92013 saranno effettuate attivit\u00e0 di realizzazione di manufatti in cartone riciclato con i bambini e ragazzi ospiti dell&#8217;associazione.<\/p>\n<p><strong>Cooperativa Sociale Istituto Walden<\/strong>: presso la struttura di via del Serpente n.05 con\u00a0 il supporto di n.01 maestro d&#8217;arte si provveder\u00e0 a realizzare dei manufatti con carta riciclata.<\/p>\n<p><strong>WWF<\/strong>: verranno effettuate attivit\u00e0 di divulgazione presso le classi delle scuole primarie e secondarie sulla possibilit\u00e0 di una seconda vita per le materie composte da carta e cartone e sull&#8217;importanza del riciclo e riuso dei prodotti<\/p>\n<p><strong>Menfi &#8211; Piazza Vittorio Emanuele<\/strong>: All&#8217;interno della piazza principale del paese verr\u00e0 allestito uno stand che ospiter\u00e0 i manufatti realizzati durante la paper week dove la popolazione potr\u00e0 toccare con mano l&#8217;iniziativa e la possibilit\u00e0 di riutilizzare i materiali ricicliati<\/p>\n<hr \/>\n<p><strong>ORGANIZZATO DA:\u00a0Menfi Servizi srl<\/strong><\/p>\n<p><strong>Data:\u00a0<\/strong>13-19\u00a0aprile<br \/>\n<strong>Luogo:\u00a0<\/strong>varie, Menfi<br \/>\n<strong>Modalit\u00e0 di partecipazione:<\/strong>\u00a0gratuita<\/p>\n","protected":false},"excerpt":{"rendered":"<p>L&#8217;iniziativa \u00e8 finalizzata a coinvolgere la cittadinanza del comune di Menfi in una serie di attivit\u00e0 informative e formative sul recupero ed il riuso della carta e cartone. Con il coinvolgimento di varie realt\u00e0 associative potranno essere realizzate una serie di iniziative come laboratori creativi ed attivit\u00e0 didattiche, con l&#8217;obiettivo di coinvolgere le fasce pi\u00f9 [&hellip;]<\/p>\n","protected":false},"author":1,"featured_media":0,"comment_status":"open","ping_status":"open","sticky":false,"template":"","format":"standard","meta":{"footnotes":""},"categories":[4],"tags":[],"class_list":["post-296","post","type-post","status-publish","format-standard","hentry","category-news"],"_links":{"self":[{"href":"https:\/\/menfiservizi.it\/index.php\/wp-json\/wp\/v2\/posts\/296","targetHints":{"allow":["GET"]}}],"collection":[{"href":"https:\/\/menfiservizi.it\/index.php\/wp-json\/wp\/v2\/posts"}],"about":[{"href":"https:\/\/menfiservizi.it\/index.php\/wp-json\/wp\/v2\/types\/post"}],"author":[{"embeddable":true,"href":"https:\/\/menfiservizi.it\/index.php\/wp-json\/wp\/v2\/users\/1"}],"replies":[{"embeddable":true,"href":"https:\/\/menfiservizi.it\/index.php\/wp-json\/wp\/v2\/comments?post=296"}],"version-history":[{"count":1,"href":"https:\/\/menfiservizi.it\/index.php\/wp-json\/wp\/v2\/posts\/296\/revisions"}],"predecessor-version":[{"id":297,"href":"https:\/\/menfiservizi.it\/index.php\/wp-json\/wp\/v2\/posts\/296\/revisions\/297"}],"wp:attachment":[{"href":"https:\/\/menfiservizi.it\/index.php\/wp-json\/wp\/v2\/media?parent=296"}],"wp:term":[{"taxonomy":"category","embeddable":true,"href":"https:\/\/menfiservizi.it\/index.php\/wp-json\/wp\/v2\/categories?post=296"},{"taxonomy":"post_tag","embeddable":true,"href":"https:\/\/menfiservizi.it\/index.php\/wp-json\/wp\/v2\/tags?post=296"}],"curies":[{"name":"wp","href":"https:\/\/api.w.org\/{rel}","templated":true}]}}